{"id":12271,"date":"2016-01-08T15:00:10","date_gmt":"2016-01-08T14:00:10","guid":{"rendered":"http:\/\/www.belako.info\/es\/?p=12271"},"modified":"2016-02-16T12:37:59","modified_gmt":"2016-02-16T11:37:59","slug":"class-aptent-taciti-soci-ad-litora","status":"publish","type":"post","link":"https:\/\/www.belako.info\/es\/class-aptent-taciti-soci-ad-litora\/","title":{"rendered":"\u00a1Ya han llegado los carnavales!"},"content":{"rendered":"<p>Este a\u00f1o han llegado temprano los carnavales a Tolosaldea. En muchos de los pueblos se han celebrado los caldereros y los festivales de carnaval. Debajo puedes ver\u00a0una peque\u00f1a recopilaci\u00f3n de fotograf\u00edas.<\/p>\n<div class=\"fusion-image-carousel fusion-image-carousel-fixed lightbox-enabled\"><div class=\"fusion-carousel\" data-autoplay=\"no\" data-columns=\"5\" data-itemmargin=\"13\" data-itemwidth=\"180\" data-touchscroll=\"no\" data-imagesize=\"fixed\"><div class=\"fusion-carousel-positioner\"><ul class=\"fusion-carousel-holder\"><li class=\"fusion-carousel-item\"><div class=\"fusion-carousel-item-wrapper\"><div class=\"fusion-image-wrapper hover-type-none\"><a data-rel=\"iLightbox[gallery_image_1]\" data-title=\"\u00a1Ya han llegado los carnavales!\" href=\"http:\/\/www.belako.info\/wp-content\/uploads\/2016\/02\/Ir_02-300x228.jpg\" target=\"_self\"><img src=\"http:\/\/www.belako.info\/wp-content\/uploads\/2016\/02\/Ir_02-300x228.jpg\" alt=\"Festival de carnaval de la Ikastola de Irura. \u00b7\u00b7\u00b7 N\u00fa\u00f1ez\" \/><\/a><\/div><\/div><\/li><li class=\"fusion-carousel-item\"><div class=\"fusion-carousel-item-wrapper\"><div class=\"fusion-image-wrapper hover-type-none\"><a data-rel=\"iLightbox[gallery_image_1]\" data-title=\"\u00a1Ya han llegado los carnavales!\" href=\"http:\/\/www.belako.info\/wp-content\/uploads\/2016\/02\/Ir_01-300x228.jpg\" target=\"_self\"><img src=\"http:\/\/www.belako.info\/wp-content\/uploads\/2016\/02\/Ir_01-300x228.jpg\" alt=\"Festival de carnaval de la Ikastola de Irura. \u00b7\u00b7\u00b7 N\u00fa\u00f1ez\" \/><\/a><\/div><\/div><\/li><li class=\"fusion-carousel-item\"><div class=\"fusion-carousel-item-wrapper\"><div class=\"fusion-image-wrapper hover-type-none\"><a data-rel=\"iLightbox[gallery_image_1]\" data-title=\"\u00a1Ya han llegado los carnavales!\" href=\"http:\/\/www.belako.info\/wp-content\/uploads\/2016\/02\/Ir_00-300x228.jpg\" target=\"_self\"><img src=\"http:\/\/www.belako.info\/wp-content\/uploads\/2016\/02\/Ir_00-300x228.jpg\" alt=\"Caldereros en Irura. \u00b7\u00b7\u00b7 N\u00fa\u00f1ez\" \/><\/a><\/div><\/div><\/li><li class=\"fusion-carousel-item\"><div class=\"fusion-carousel-item-wrapper\"><div class=\"fusion-image-wrapper hover-type-none\"><a data-rel=\"iLightbox[gallery_image_1]\" data-title=\"\u00a1Ya han llegado los carnavales!\" href=\"http:\/\/www.belako.info\/wp-content\/uploads\/2016\/02\/Bi_02-300x228.jpg\" target=\"_self\"><img src=\"http:\/\/www.belako.info\/wp-content\/uploads\/2016\/02\/Bi_02-300x228.jpg\" alt=\"Festival de carnaval de la escuela Txinkorta de Bidania. \u00b7\u00b7\u00b7 N\u00fa\u00f1ez\" \/><\/a><\/div><\/div><\/li><li class=\"fusion-carousel-item\"><div class=\"fusion-carousel-item-wrapper\"><div class=\"fusion-image-wrapper hover-type-none\"><a data-rel=\"iLightbox[gallery_image_1]\" data-title=\"\u00a1Ya han llegado los carnavales!\" href=\"http:\/\/www.belako.info\/wp-content\/uploads\/2016\/02\/Bi_01-300x228.jpg\" target=\"_self\"><img src=\"http:\/\/www.belako.info\/wp-content\/uploads\/2016\/02\/Bi_01-300x228.jpg\" alt=\"Festival de carnaval de la escuela Txinkorta de Bidania. \u00b7\u00b7\u00b7 N\u00fa\u00f1ez\" \/><\/a><\/div><\/div><\/li><li class=\"fusion-carousel-item\"><div class=\"fusion-carousel-item-wrapper\"><div class=\"fusion-image-wrapper hover-type-none\"><a data-rel=\"iLightbox[gallery_image_1]\" data-title=\"\u00a1Ya han llegado los carnavales!\" href=\"http:\/\/www.belako.info\/wp-content\/uploads\/2016\/02\/Bi_00-300x228.jpg\" target=\"_self\"><img src=\"http:\/\/www.belako.info\/wp-content\/uploads\/2016\/02\/Bi_00-300x228.jpg\" alt=\"Festival de carnaval de la escuela Txinkorta de Bidania. \u00b7\u00b7\u00b7 N\u00fa\u00f1ez\" \/><\/a><\/div><\/div><\/li><li class=\"fusion-carousel-item\"><div class=\"fusion-carousel-item-wrapper\"><div class=\"fusion-image-wrapper hover-type-none\"><a data-rel=\"iLightbox[gallery_image_1]\" data-title=\"\u00a1Ya han llegado los carnavales!\" href=\"http:\/\/www.belako.info\/wp-content\/uploads\/2016\/02\/Alt_00-300x228.jpg\" target=\"_self\"><img src=\"http:\/\/www.belako.info\/wp-content\/uploads\/2016\/02\/Alt_00-300x228.jpg\" alt=\"Festival de carnaval de la escuela de Altzo. \u00b7\u00b7\u00b7 N\u00fa\u00f1ez\" \/><\/a><\/div><\/div><\/li><li class=\"fusion-carousel-item\"><div class=\"fusion-carousel-item-wrapper\"><div class=\"fusion-image-wrapper hover-type-none\"><a data-rel=\"iLightbox[gallery_image_1]\" data-title=\"\u00a1Ya han llegado los carnavales!\" href=\"http:\/\/www.belako.info\/wp-content\/uploads\/2016\/02\/Alk_00-300x228.jpg\" target=\"_self\"><img src=\"http:\/\/www.belako.info\/wp-content\/uploads\/2016\/02\/Alk_00-300x228.jpg\" alt=\"Festival de carnaval de la escuela de Alkiza. \u00b7\u00b7\u00b7 N\u00fa\u00f1ez\" \/><\/a><\/div><\/div><\/li><li class=\"fusion-carousel-item\"><div class=\"fusion-carousel-item-wrapper\"><div class=\"fusion-image-wrapper hover-type-none\"><a data-rel=\"iLightbox[gallery_image_1]\" data-title=\"\u00a1Ya han llegado los carnavales!\" href=\"http:\/\/www.belako.info\/wp-content\/uploads\/2016\/02\/Alb_00-300x228.jpg\" target=\"_self\"><img src=\"http:\/\/www.belako.info\/wp-content\/uploads\/2016\/02\/Alb_00-300x228.jpg\" alt=\"Festival de carnaval de la escuela de Albiztur. \u00b7\u00b7\u00b7 N\u00fa\u00f1ez\" \/><\/a><\/div><\/div><\/li><li class=\"fusion-carousel-item\"><div class=\"fusion-carousel-item-wrapper\"><div class=\"fusion-image-wrapper hover-type-none\"><a data-rel=\"iLightbox[gallery_image_1]\" data-title=\"\u00a1Ya han llegado los carnavales!\" href=\"http:\/\/www.belako.info\/wp-content\/uploads\/2012\/07\/L_01-300x228.jpg\" target=\"_self\"><img src=\"http:\/\/www.belako.info\/wp-content\/uploads\/2012\/07\/L_01-300x228.jpg\" alt=\"Festival de carnaval de la escuela de Larraul. \u00b7\u00b7\u00b7 N\u00fa\u00f1ez\" \/><\/a><\/div><\/div><\/li><li class=\"fusion-carousel-item\"><div class=\"fusion-carousel-item-wrapper\"><div class=\"fusion-image-wrapper hover-type-none\"><a data-rel=\"iLightbox[gallery_image_1]\" data-title=\"\u00a1Ya han llegado los carnavales!\" href=\"http:\/\/www.belako.info\/wp-content\/uploads\/2012\/07\/L_00-300x228.jpg\" target=\"_self\"><img src=\"http:\/\/www.belako.info\/wp-content\/uploads\/2012\/07\/L_00-300x228.jpg\" alt=\"Festival de carnaval de la escuela de Larraul. \u00b7\u00b7\u00b7 N\u00fa\u00f1ez\" \/><\/a><\/div><\/div><\/li><li class=\"fusion-carousel-item\"><div class=\"fusion-carousel-item-wrapper\"><div class=\"fusion-image-wrapper hover-type-none\"><a data-rel=\"iLightbox[gallery_image_1]\" data-title=\"\u00a1Ya han llegado los carnavales!\" href=\"http:\/\/www.belako.info\/wp-content\/uploads\/2012\/07\/Br_01-300x228.jpg\" target=\"_self\"><img src=\"http:\/\/www.belako.info\/wp-content\/uploads\/2012\/07\/Br_01-300x228.jpg\" alt=\"Festival de carnaval de la escuela de Berrobi. \u00b7\u00b7\u00b7 N\u00fa\u00f1ez\" \/><\/a><\/div><\/div><\/li><li class=\"fusion-carousel-item\"><div class=\"fusion-carousel-item-wrapper\"><div class=\"fusion-image-wrapper hover-type-none\"><a data-rel=\"iLightbox[gallery_image_1]\" data-title=\"\u00a1Ya han llegado los carnavales!\" href=\"http:\/\/www.belako.info\/wp-content\/uploads\/2012\/07\/Br_00-300x228.jpg\" target=\"_self\"><img src=\"http:\/\/www.belako.info\/wp-content\/uploads\/2012\/07\/Br_00-300x228.jpg\" alt=\"Festival de carnaval de la escuela de Berrobi. \u00b7\u00b7\u00b7 N\u00fa\u00f1ez\" \/><\/a><\/div><\/div><\/li><li class=\"fusion-carousel-item\"><div class=\"fusion-carousel-item-wrapper\"><div class=\"fusion-image-wrapper hover-type-none\"><a data-rel=\"iLightbox[gallery_image_1]\" data-title=\"\u00a1Ya han llegado los carnavales!\" href=\"http:\/\/www.belako.info\/wp-content\/uploads\/2012\/07\/An_04-300x228.jpg\" target=\"_self\"><img src=\"http:\/\/www.belako.info\/wp-content\/uploads\/2012\/07\/An_04-300x228.jpg\" alt=\"Festival de carnaval de la Ikastola de Anoeta. \u00b7\u00b7\u00b7 N\u00fa\u00f1ez\" \/><\/a><\/div><\/div><\/li><li class=\"fusion-carousel-item\"><div class=\"fusion-carousel-item-wrapper\"><div class=\"fusion-image-wrapper hover-type-none\"><a data-rel=\"iLightbox[gallery_image_1]\" data-title=\"\u00a1Ya han llegado los carnavales!\" href=\"http:\/\/www.belako.info\/wp-content\/uploads\/2012\/07\/An_03-300x228.jpg\" target=\"_self\"><img src=\"http:\/\/www.belako.info\/wp-content\/uploads\/2012\/07\/An_03-300x228.jpg\" alt=\"Festival de carnaval de la Ikastola de Anoeta. \u00b7\u00b7\u00b7 N\u00fa\u00f1ez\" \/><\/a><\/div><\/div><\/li><li class=\"fusion-carousel-item\"><div class=\"fusion-carousel-item-wrapper\"><div class=\"fusion-image-wrapper hover-type-none\"><a data-rel=\"iLightbox[gallery_image_1]\" data-title=\"\u00a1Ya han llegado los carnavales!\" href=\"http:\/\/www.belako.info\/wp-content\/uploads\/2012\/07\/An_02-300x228.jpg\" target=\"_self\"><img src=\"http:\/\/www.belako.info\/wp-content\/uploads\/2012\/07\/An_02-300x228.jpg\" alt=\"Festival de carnaval de la Ikastola de Anoeta. \u00b7\u00b7\u00b7 N\u00fa\u00f1ez\" \/><\/a><\/div><\/div><\/li><li class=\"fusion-carousel-item\"><div class=\"fusion-carousel-item-wrapper\"><div class=\"fusion-image-wrapper hover-type-none\"><a data-rel=\"iLightbox[gallery_image_1]\" data-title=\"\u00a1Ya han llegado los carnavales!\" href=\"http:\/\/www.belako.info\/wp-content\/uploads\/2012\/07\/An_01-300x228.jpg\" target=\"_self\"><img src=\"http:\/\/www.belako.info\/wp-content\/uploads\/2012\/07\/An_01-300x228.jpg\" alt=\"Caldereros en Anoeta. \u00b7\u00b7\u00b7 N\u00fa\u00f1ez\" \/><\/a><\/div><\/div><\/li><li class=\"fusion-carousel-item\"><div class=\"fusion-carousel-item-wrapper\"><div class=\"fusion-image-wrapper hover-type-none\"><a data-rel=\"iLightbox[gallery_image_1]\" data-title=\"\u00a1Ya han llegado los carnavales!\" href=\"http:\/\/www.belako.info\/wp-content\/uploads\/2012\/07\/An_00-300x228.jpg\" target=\"_self\"><img src=\"http:\/\/www.belako.info\/wp-content\/uploads\/2012\/07\/An_00-300x228.jpg\" alt=\"Caldereros en Anoeta. \u00b7\u00b7\u00b7 N\u00fa\u00f1ez\" \/><\/a><\/div><\/div><\/li><\/ul><div class=\"fusion-carousel-nav\"><span class=\"fusion-nav-prev\"><\/span><span class=\"fusion-nav-next\"><\/span><\/div><\/div><\/div><\/div>\n","protected":false},"excerpt":{"rendered":"","protected":false},"author":1,"featured_media":12450,"comment_status":"closed","ping_status":"closed","sticky":false,"template":"","format":"gallery","meta":{"_mi_skip_tracking":false},"categories":[51,49],"tags":[],"_links":{"self":[{"href":"https:\/\/www.belako.info\/es\/wp-json\/wp\/v2\/posts\/12271"}],"collection":[{"href":"https:\/\/www.belako.info\/es\/wp-json\/wp\/v2\/posts"}],"about":[{"href":"https:\/\/www.belako.info\/es\/wp-json\/wp\/v2\/types\/post"}],"author":[{"embeddable":true,"href":"https:\/\/www.belako.info\/es\/wp-json\/wp\/v2\/users\/1"}],"replies":[{"embeddable":true,"href":"https:\/\/www.belako.info\/es\/wp-json\/wp\/v2\/comments?post=12271"}],"version-history":[{"count":4,"href":"https:\/\/www.belako.info\/es\/wp-json\/wp\/v2\/posts\/12271\/revisions"}],"predecessor-version":[{"id":12486,"href":"https:\/\/www.belako.info\/es\/wp-json\/wp\/v2\/posts\/12271\/revisions\/12486"}],"wp:featuredmedia":[{"embeddable":true,"href":"https:\/\/www.belako.info\/es\/wp-json\/wp\/v2\/media\/12450"}],"wp:attachment":[{"href":"https:\/\/www.belako.info\/es\/wp-json\/wp\/v2\/media?parent=12271"}],"wp:term":[{"taxonomy":"category","embeddable":true,"href":"https:\/\/www.belako.info\/es\/wp-json\/wp\/v2\/categories?post=12271"},{"taxonomy":"post_tag","embeddable":true,"href":"https:\/\/www.belako.info\/es\/wp-json\/wp\/v2\/tags?post=12271"}],"curies":[{"name":"wp","href":"https:\/\/api.w.org\/{rel}","templated":true}]}}