{"id":12720,"date":"2016-04-11T12:08:44","date_gmt":"2016-04-11T11:08:44","guid":{"rendered":"http:\/\/www.belako.info\/es\/?p=12720"},"modified":"2018-01-26T21:06:12","modified_gmt":"2018-01-26T19:06:12","slug":"tiempo-de-comuniones-2","status":"publish","type":"post","link":"https:\/\/www.belako.info\/es\/tiempo-de-comuniones-2\/","title":{"rendered":"Tiempo de comuniones"},"content":{"rendered":"<h1>Ya hemos comenzado a preparar los recordatorios para las conuniones<\/h1>\n<p>Llega mayo y con el las Primeras Comuniones de los ni\u00f1os.<\/p>\n<p>La comuni\u00f3n puede ser uno de los d\u00edas m\u00e1s felices de los ni\u00f1os que lo celebran con amigos y familiares. Se suele querer celebrar este d\u00eda con los m\u00e1s cercanos y obsequiarles con un detalle, un recordatorio del evento.<\/p>\n<p>Hoy en d\u00eda existen muchas posibilidades, desde los m\u00e1s tradicionales hasta los m\u00e1s modernos con m\u00faltiples fotograf\u00edas. Los formatos tambi\u00e9n han cambiado y los recordatorios de una fotograf\u00eda han quedado a un lado en beneficio de dise\u00f1os personalidades.<\/p>\n<p>En Belako hemos dise\u00f1ado un amplio cat\u00e1logo de recordatorios. <a href=\"\/?p=12269\">Impresos en papel metalizado<\/a>, texturizado, opalina&#8230; y en diferentes medidas y formatos, de 15&#215;15, 10&#215;15 o marcap\u00e1ginas y fotograf\u00edas para dar a los amigos.<\/p>\n<p>Si todav\u00eda no has hecho los tuyos, estas a tiempo. Puedes ver una <a href=\"\/?p=12711\">muestra en la secci\u00f3n de trabajos realizados<\/a>. Elige el que m\u00e1s te guste y lo adaptaremos a tu gusto, con tus fotograf\u00edas. O si lo prefieres, nosotros te realizaremos el reportaje fotogr\u00e1fico.<\/p>\n<p>&nbsp;<\/p>\n","protected":false},"excerpt":{"rendered":"<p>Ya hemos comenzado a preparar los recordatorios para las conuniones Llega mayo y con el las Primeras Comuniones de los ni\u00f1os. La comuni\u00f3n puede ser uno de los d\u00edas m\u00e1s felices de los ni\u00f1os que lo celebran con amigos y familiares. Se suele querer celebrar este d\u00eda con los m\u00e1s cercanos y obsequiarles con un [&hellip;]<\/p>\n","protected":false},"author":3,"featured_media":13408,"comment_status":"closed","ping_status":"closed","sticky":false,"template":"","format":"standard","meta":{"_mi_skip_tracking":false},"categories":[112,71,142,51],"tags":[],"_links":{"self":[{"href":"https:\/\/www.belako.info\/es\/wp-json\/wp\/v2\/posts\/12720"}],"collection":[{"href":"https:\/\/www.belako.info\/es\/wp-json\/wp\/v2\/posts"}],"about":[{"href":"https:\/\/www.belako.info\/es\/wp-json\/wp\/v2\/types\/post"}],"author":[{"embeddable":true,"href":"https:\/\/www.belako.info\/es\/wp-json\/wp\/v2\/users\/3"}],"replies":[{"embeddable":true,"href":"https:\/\/www.belako.info\/es\/wp-json\/wp\/v2\/comments?post=12720"}],"version-history":[{"count":3,"href":"https:\/\/www.belako.info\/es\/wp-json\/wp\/v2\/posts\/12720\/revisions"}],"predecessor-version":[{"id":13680,"href":"https:\/\/www.belako.info\/es\/wp-json\/wp\/v2\/posts\/12720\/revisions\/13680"}],"wp:featuredmedia":[{"embeddable":true,"href":"https:\/\/www.belako.info\/es\/wp-json\/wp\/v2\/media\/13408"}],"wp:attachment":[{"href":"https:\/\/www.belako.info\/es\/wp-json\/wp\/v2\/media?parent=12720"}],"wp:term":[{"taxonomy":"category","embeddable":true,"href":"https:\/\/www.belako.info\/es\/wp-json\/wp\/v2\/categories?post=12720"},{"taxonomy":"post_tag","embeddable":true,"href":"https:\/\/www.belako.info\/es\/wp-json\/wp\/v2\/tags?post=12720"}],"curies":[{"name":"wp","href":"https:\/\/api.w.org\/{rel}","templated":true}]}}