{"id":12849,"date":"2016-11-07T20:09:22","date_gmt":"2016-11-07T19:09:22","guid":{"rendered":"http:\/\/www.belako.info\/es\/?p=12849"},"modified":"2018-01-26T21:03:09","modified_gmt":"2018-01-26T19:03:09","slug":"revista-aidanen-13","status":"publish","type":"post","link":"https:\/\/www.belako.info\/es\/revista-aidanen-13\/","title":{"rendered":"Revista Aidanen 13"},"content":{"rendered":"<p>Por cuarto a\u00f1o consecutivo hemos tenido la oportunidad de dise\u00f1ar y maquetar <a href=\"http:\/\/www.berastegi.eus\/eu\/argitalpenak\" target=\"_blank\" rel=\"noopener\">Aidanen<\/a>, la <a href=\"\/?p=12252\" target=\"_blank\" rel=\"noopener\">revista local de Berastegi<\/a>, que publica la asociaci\u00f3n Aldin. Los socios y colaboradores de Aldin han realizado las entrevistas y reportajes sobre el pueblo. Como todos los a\u00f1os la revista comienza con el repaso del a\u00f1o pasado, y tambi\u00e9n incluye los art\u00edculos que han escritos los vecinos que han visitado otras provincias y pa\u00edses.<br \/>\nSi quieres leer la revista de este a\u00f1o pueden verlo completo en este enlace:<br \/>\n<a href=\"https:\/\/issuu.com\/aidanen\/docs\/aidanen_13_2016\" target=\"_blank\" rel=\"noopener\">https:\/\/issuu.com\/aidanen\/docs\/aidanen_13_2016<\/a><\/p>\n","protected":false},"excerpt":{"rendered":"<p>Por cuarto a\u00f1o consecutivo hemos tenido la oportunidad de dise\u00f1ar y maquetar Aidanen, la revista local de Berastegi, que publica la asociaci\u00f3n Aldin. Los socios y colaboradores de Aldin han realizado las entrevistas y reportajes sobre el pueblo. Como todos los a\u00f1os la revista comienza con el repaso del a\u00f1o pasado, y tambi\u00e9n incluye los [&hellip;]<\/p>\n","protected":false},"author":3,"featured_media":13510,"comment_status":"closed","ping_status":"closed","sticky":false,"template":"","format":"standard","meta":{"_mi_skip_tracking":false},"categories":[91,130],"tags":[133,90,87,89],"_links":{"self":[{"href":"https:\/\/www.belako.info\/es\/wp-json\/wp\/v2\/posts\/12849"}],"collection":[{"href":"https:\/\/www.belako.info\/es\/wp-json\/wp\/v2\/posts"}],"about":[{"href":"https:\/\/www.belako.info\/es\/wp-json\/wp\/v2\/types\/post"}],"author":[{"embeddable":true,"href":"https:\/\/www.belako.info\/es\/wp-json\/wp\/v2\/users\/3"}],"replies":[{"embeddable":true,"href":"https:\/\/www.belako.info\/es\/wp-json\/wp\/v2\/comments?post=12849"}],"version-history":[{"count":3,"href":"https:\/\/www.belako.info\/es\/wp-json\/wp\/v2\/posts\/12849\/revisions"}],"predecessor-version":[{"id":13671,"href":"https:\/\/www.belako.info\/es\/wp-json\/wp\/v2\/posts\/12849\/revisions\/13671"}],"wp:featuredmedia":[{"embeddable":true,"href":"https:\/\/www.belako.info\/es\/wp-json\/wp\/v2\/media\/13510"}],"wp:attachment":[{"href":"https:\/\/www.belako.info\/es\/wp-json\/wp\/v2\/media?parent=12849"}],"wp:term":[{"taxonomy":"category","embeddable":true,"href":"https:\/\/www.belako.info\/es\/wp-json\/wp\/v2\/categories?post=12849"},{"taxonomy":"post_tag","embeddable":true,"href":"https:\/\/www.belako.info\/es\/wp-json\/wp\/v2\/tags?post=12849"}],"curies":[{"name":"wp","href":"https:\/\/api.w.org\/{rel}","templated":true}]}}